{"id":142,"date":"2021-03-11T12:08:37","date_gmt":"2021-03-11T11:08:37","guid":{"rendered":"https:\/\/www.licence-to-cook.com\/official\/?p=142"},"modified":"2021-06-18T12:11:27","modified_gmt":"2021-06-18T10:11:27","slug":"guide-michelin-2021-licence-to-cook-vous-devoile-le-palmares-complet","status":"publish","type":"post","link":"https:\/\/www.licence-to-cook.com\/official\/index.php\/2021\/03\/11\/guide-michelin-2021-licence-to-cook-vous-devoile-le-palmares-complet\/","title":{"rendered":"Guide Michelin 2021 : Licence To Cook vous d\u00e9voile le palmar\u00e8s complet"},"content":{"rendered":"\r\n<p>Le<strong>\u00a0Guide\u00a0Michelin\u00a02021<\/strong>\u00a0a d\u00e9voil\u00e9 ce Lundi 18 Janvier 2021\u00a0\u00e0 midi, la nouveau palmar\u00e8s des \u00e9toil\u00e9s fran\u00e7ais, lors d&rsquo;une c\u00e9r\u00e9monie retransmise sur Internet depuis la tour Eiffel \u00e0 Paris. Ce dernier recense\u00a0638\u00a0tables \u00e9toil\u00e9es, dont\u00a057\u00a0nouvelles nominations.\u00a0Un cru moins dense qu&rsquo;en 2020, o\u00f9\u00a063\u00a0restaurants avaient rejoint la constellation des \u00e9toil\u00e9s en France pour porter la s\u00e9lection \u00e0\u00a0628\u00a0maisons portant avec gloire ces macarons.\u00a0Des\u00a03\u00a0\u00e9toiles d\u00e9croch\u00e9es par\u00a0<em>Alexandre Mazzia \u00e0 Marseille<\/em>\u00a0aux diff\u00e9rentes r\u00e9trogradations, en passant les deux nouveaux\u00a02\u00a0\u00e9toiles, la premi\u00e8re \u00e9toile r\u00e9colt\u00e9e par\u00a054\u00a0chefs, les\u00a033\u00a0nouveaux \u00e9tablissements distingu\u00e9s de l&rsquo;\u00e9toile verte\u2026<\/p>\r\n\r\n\r\n\r\n<p><strong>Palmar\u00e8s complet du Guide\u00a0Michelin\u00a02021:<\/strong><\/p>\r\n\r\n\r\n\r\n<p><strong>Nouveau\u00a03\u00a0\u00e9toiles\u00a0 \u00a0 \u00a0 \u00a0 \u00a0 \u00a0 \u00a0 \u00a0 \u00a0 \u00a0 \u00a0 \u00a0 \u00a0 \u00a0 \u00a0 \u00a0 \u00a0 \u00a0 \u00a0 \u00a0 \u00a0 \u00a0 \u00a0 \u00a0 \u00a0<\/strong><br \/><em>AM<\/em>\u00a0par Alexandre Mazzia \u00e0 Marseille<\/p>\r\n\r\n\r\n\r\n<p><strong>Nouveaux\u00a02\u00a0\u00e9toiles\u00a0 \u00a0 \u00a0 \u00a0 \u00a0 \u00a0 \u00a0 \u00a0 \u00a0 \u00a0 \u00a0 \u00a0 \u00a0 \u00a0 \u00a0 \u00a0 \u00a0 \u00a0 \u00a0 \u00a0 \u00a0 \u00a0 \u00a0 \u00a0<\/strong><br \/><a href=\"lepoint:\/\/article?idarticle=2313499\">H\u00e9l\u00e8ne Darroze \u00e0\u00a0<em>Marsan<\/em>\u00a0\u00e0 Paris\u00a0<\/a><br \/>C\u00e9dric Deckert \u00e0\u00a0<em>La Meurice<\/em>\u00a0\u00e0 Laubach<\/p>\r\n\r\n\r\n\r\n<p><strong>Passage de\u00a02\u00a0\u00e0\u00a01\u00a0\u00e9toile\u00a0 \u00a0 \u00a0 \u00a0 \u00a0 \u00a0 \u00a0 \u00a0 \u00a0 \u00a0 \u00a0 \u00a0 \u00a0 \u00a0 \u00a0 \u00a0 \u00a0 \u00a0 \u00a0 \u00a0 \u00a0<\/strong><br \/><em>L&rsquo;Atelier de Jo\u00ebl Robuchon<\/em>\u00a0\u2013 Saint-Germain \u00e0 Paris 7e\u00a0(r\u00e9trogradation)<br \/><em>L&rsquo;Atelier de Jo\u00ebl Robuchon<\/em>\u00a0\u2013 \u00c9toile \u00e0 Paris 8e(r\u00e9trogradation)<\/p>\r\n\r\n\r\n\r\n<p><strong>Suppression des\u00a02\u00a0\u00e9toiles\u00a0 \u00a0 \u00a0 \u00a0 \u00a0 \u00a0 \u00a0 \u00a0 \u00a0 \u00a0 \u00a0 \u00a0 \u00a0 \u00a0 \u00a0 \u00a0 \u00a0 \u00a0 \u00a0 \u00a0<\/strong><br \/><em>Le Grand V\u00e9four<\/em>\u00a0\u00e0 Paris 1er\u00a0(changement de concept)<br \/><em>Sylvestre<\/em>\u00a0\u00e0 Paris 7e\u00a0(fermeture)<br \/><em>L&rsquo;Abeille<\/em>\u00a0\u00e0 Paris 16e\u00a0(fermeture)<br \/><em>L&rsquo;Astrance<\/em>\u00a0\u00e0 Paris 16e\u00a0(d\u00e9m\u00e9nagement et r\u00e9ouverture en 2021)<br \/><em>L&rsquo;Atelier de Jean-Luc Rabanel<\/em>\u00a0\u00e0 Arles (changement de concept)<br \/><em>La Bastide de Capelongue<\/em>\u00a0\u00e0 Bonnieux (vente et nouveau chef)<br \/><em>La Grande Maison de Bernard Magrez<\/em>\u00a0\u00e0 Bordeaux (fermeture)<br \/><em>Le\u00a01920<\/em>\u00a0\u00e0 Meg\u00e8ve (changement de chef)<br \/><em>Le Restaurant du M\u00e9tropole<\/em>\u00a0\u00e0 Monaco (travaux)<br \/><em>Gill<\/em>\u00a0\u00e0 Rouen (changement de concept)<\/p>\r\n\r\n\r\n\r\n<p><strong>Passage de\u00a02\u00a0\u00e9toiles au Bib Gourmand\u00a0 \u00a0 \u00a0 \u00a0 \u00a0 \u00a0 \u00a0 \u00a0 \u00a0 \u00a0\u00a0<\/strong><br \/><em>SaQuaNa<\/em>\u00a0\u00e0 Honfleur (changement de concept)<\/p>\r\n\r\n\r\n\r\n<p><strong>Nouveaux\u00a01\u00a0\u00e9toile\u00a0 \u00a0 \u00a0 \u00a0 \u00a0 \u00a0 \u00a0 \u00a0 \u00a0 \u00a0 \u00a0 \u00a0 \u00a0 \u00a0 \u00a0 \u00a0 \u00a0 \u00a0 \u00a0 \u00a0 \u00a0 \u00a0 \u00a0 \u00a0 \u00a0 \u00a0 \u00a0<\/strong><\/p>\r\n\r\n\r\n\r\n<p><em>Pantagruel<\/em>\u00a0\u00e0 Paris 2e<br \/><a href=\"lepoint:\/\/article?idarticle=2344923\"><em>Shabour<\/em>\u00a0\u00e0 Paris 2e\u00a0<\/a><br \/><em>Gaya par Pierre Gagnaire<\/em>\u00a0\u00e0 Paris 7e<br \/><em>Trente-Trois<\/em>\u00a0\u00e0 Paris 8e<br \/><em>MoSuke<\/em>\u00a0par Mory Sacko \u00e0 Paris 14e<br \/><em>Oxte<\/em>\u00a0\u00e0 Paris 17e<br \/><a href=\"lepoint:\/\/article?idarticle=2145039\"><em>Micka\u00ebl F\u00e9val<\/em>\u00a0\u00e0 Aix-en-Provence\u00a0<\/a><br \/><em>Les Sources de Fontbelle<\/em>\u00a0\u00e0 Angoul\u00eame<br \/><em>La Rotonde des Tr\u00e9soms<\/em>\u00a0\u00e0 Annecy<br \/><em>Vincent Favre F\u00e9lix<\/em>\u00a0\u00e0 Annecy-le-Vieux<br \/><em>Louroc<\/em>\u00a0\u00e0 Antibes<br \/><em>Pollen<\/em>\u00a0\u00e0 Avignon<br \/><a href=\"lepoint:\/\/article?idarticle=2364013\"><em>ONA<\/em>\u00a0\u00e0 Ar\u00e8s\u00a0<\/a><br \/><em>Auberge Pom&rsquo;Poire<\/em>\u00a0\u00e0 Azay-le-Rideau<br \/><em>Castel Marie-Louise<\/em>\u00a0\u00e0 La Baule<br \/><em>L&rsquo;Observatoire du Gabriel<\/em>\u00a0\u00e0 Bordeaux<br \/><em>L&rsquo;Ardoise du March\u00e9<\/em>\u00a0\u00e0 Boulleret<br \/><em>La Vieille<\/em>\u00a0Tour \u00e0 C\u00e9lettes<br \/><em>Le Verbois<\/em>\u00a0\u00e0 Saint-Maximin<br \/><em>La M\u00e8re Germaine<\/em>\u00a0\u00e0 Ch\u00e2teauneuf-du-Pape<br \/><em>Les Foudres<\/em>\u00a0\u00e0 Cognac<br \/><em>Cibo<\/em>\u00a0\u00e0 Dijon<br \/><em>Au Gourmet<\/em>\u00a0\u00e0 Drusenheim<br \/><em>Le Donjon au domaine Saint-Clair<\/em>\u00a0\u00e0 \u00c9tretat<br \/><em>L&rsquo;Auberge du Cep<\/em>\u00a0\u00e0 Fleurie<br \/><em>L&rsquo;Opidum<\/em>\u00a0\u00e0 Fondettes<br \/><em>La Table de la Mainaz<\/em>\u00a0\u00e0 Gex<br \/><em>Le Fantin Latour<\/em>\u00a0\u00e0 Grenoble<br \/><a href=\"lepoint:\/\/article?idarticle=2346301\"><em>Le Cerisier<\/em>\u00a0\u00e0 Lille\u00a0<\/a><br \/><em>Le Miraflores<\/em>\u00a0\u00e0 Lyon<br \/><a href=\"lepoint:\/\/article?idarticle=2396895\"><em>Rustique<\/em>\u00a0\u00e0 Lyon\u00a0<\/a><br \/><em>Le domaine du Colombier<\/em>\u00a0\u00e0 Malataverne<br \/><em>Le Bistronomique<\/em>\u00a0\u00e0 Manosque<br \/><em>Signature<\/em>\u00a0\u00e0 Marseille<br \/>La Salle \u00e0 Manger du Ch\u00e2teau de Mazan \u00e0 Mazan<br \/>La Table d&rsquo;Antonio Salvatoire au Rampoldi \u00e0 Monaco<br \/><a href=\"lepoint:\/\/article?idarticle=2012293\"><em>Leclere<\/em>\u00a0\u00e0 Montpellier\u00a0<\/a><br \/><a href=\"lepoint:\/\/article?idarticle=2199508\"><em>Pastis<\/em>\u00a0\u00e0 Montpellier\u00a0<\/a><br \/><em><a href=\"lepoint:\/\/article?idarticle=2312944\">Reflet d&rsquo;Obione<\/a><\/em><em>Roza<\/em>\u00a0\u00e0 Nantes<br \/><em>Le Manoir de la R\u00e9gate<\/em>\u00a0\u00e0 Nantes<br \/><em>Les Agitateurs<\/em>\u00a0\u00e0 Nice<br \/><em>Duende<\/em>\u00a0\u00e0 N\u00eemes<br \/><em>Le Moulin de Rosmadec<\/em>\u00a0\u00e0 Pont-Aven<br \/><em>L&rsquo;Auberge du Pont<\/em>\u00a0\u00e0 Pont-du-Ch\u00e2teau<br \/><em>Ochre \u00e0 Rueil<\/em>-Malmaison<br \/><em>Colette<\/em>\u00a0\u00e0 Saint-Tropez<br \/><em>Villa Salone<\/em>\u00a0\u00e0 Salon-de-Provence<br \/><a href=\"lepoint:\/\/article?idarticle=2301732\"><em>Les Plaisirs Gourmands<\/em>\u00a0\u00e0 Schiltigheim\u00a0<\/a><br \/><em>Au Crocodile<\/em>\u00a0\u00e0 Strasbourg<br \/><em>L&rsquo;Or Bleu<\/em>\u00a0\u00e0 Th\u00e9oule-sur-Mer<br \/><em>Le Panoramic<\/em>\u00a0\u00e0 Tignes<br \/><em>Le Ch\u00e2teau de Massillan<\/em>\u00a0\u00e0 Uchaux<br \/><em>Le Jardin Secret<\/em>\u00a0\u00e0 La Wantzenau<\/p>\r\n\r\n\r\n\r\n<p><strong>Suppression\u00a01\u00a0\u00e9toile\u00a0 \u00a0 \u00a0 \u00a0 \u00a0 \u00a0 \u00a0 \u00a0 \u00a0 \u00a0 \u00a0 \u00a0 \u00a0 \u00a0 \u00a0 \u00a0 \u00a0 \u00a0 \u00a0 \u00a0 \u00a0\u00a0<\/strong><\/p>\r\n\r\n\r\n\r\n<p><em>Les Jardins de L&rsquo;Espadon<\/em>\u00a0\u00e0 Paris 1er\u00a0(fermeture)<br \/><em>La Poule au Pot<\/em>\u00a0\u00e0 Paris 1er\u00a0(r\u00e9trogradation)<br \/><em>Penati al Baretto<\/em>\u00a0\u00e0 Paris 8e\u00a0(r\u00e9trogradation)<br \/><em>Le Ch\u00e2teaubriand<\/em>\u00a0\u00e0 Paris 11e\u00a0(r\u00e9trogradation)<br \/><em>Cob\u00e9a<\/em>\u00a0\u00e0 Paris 14e\u00a0(fermeture)<br \/><em>Antoine<\/em>\u00a0\u00e0 Paris 16e\u00a0(fermeture)<br \/><em>Restaurant Sevin<\/em>\u00a0\u00e0 Avignon (r\u00e9trogradation)<br \/><em>Le Jardin des Remparts<\/em>\u00a0\u00e0 Beaune (changement de concept)<br \/><em>Le Domaine de Rochevilaine<\/em>\u00a0\u00e0 Billiers (r\u00e9trogradation)<br \/><em>Le Cam\u00e9lia<\/em>\u00a0\u00e0 Bougival (fermeture)<br \/><em>La Matelote<\/em>\u00a0\u00e0 Boulogne-sur-Mer (r\u00e9trogradation)<br \/><em>Initial<\/em>\u00a0\u00e0 Caen (r\u00e9trogradation)<br \/><em>Maison Pr\u00e9v\u00f4t<\/em>\u00a0\u00e0 Cavaillon (r\u00e9trogradation)<br \/><em>Le Pal\u00e9gri\u00e9<\/em>\u00a0\u00e0 Corren\u00e7on-en-Vercors (r\u00e9trogradation)<br \/><em>Le Kl\u00e9ber<\/em>\u00a0\u00e0 Crest (d\u00e9m\u00e9nagement)<br \/><em>Le Ch\u00e2teau de Locgu\u00e9nol\u00e9<\/em>\u00a0\u00e0 Kervignac (travaux)<br \/><em>Une Table au Sud<\/em>\u00a0\u00e0 Marseille (r\u00e9trogradation)<br \/><em>Dyades au domaine des \u00c9tangs<\/em>\u00a0de Massignac (changement de chef et r\u00e9trogradation)<br \/>La Table de la Maison Dufoss\u00e9\u00a0\u00e0 Metz (fermeture)<br \/><em>Le Saint-Martin<\/em>\u00a0\u00e0 Montb\u00e9liard (r\u00e9trogradation)<br \/><em>Cicada, la Table du Hameau<\/em>\u00a0au Paradou (fermeture)<br \/><em>Ch\u00e2teau de Cordeillan-Bages<\/em>\u00a0\u00e0 Pauillac (fermeture)<br \/><em>Les Etincelles, La Gentilhommi\u00e8re<\/em>\u00a0\u00e0 Sainte-Sabine (r\u00e9trogradation)<br \/><em>Le Saison<\/em>\u00a0\u00e0 Saint-Gr\u00e9goire (changement de chef)<br \/><em>Le Brouillarta<\/em>\u00a0\u00e0 Saint-Jean-de-Luz (fermeture)<br \/><em>Les Pyr\u00e9n\u00e9es<\/em>\u00a0\u00e0 Saint-Jean-Pied-de-Port (r\u00e9trogradation)<br \/><em>Thierry Drapeau<\/em>\u00a0\u00e0 Saint-Sulpice-le-Verdon (fermeture)<br \/><em>Le Jasmin<\/em>\u00a0\u00e0 Saint-Sylvestre-sur-Lot (r\u00e9trogradation)<br \/><em>Le Grand Bleu<\/em>\u00a0\u00e0 Sarlat-la-Can\u00e9da (r\u00e9trogradation)<br \/><em>Le Gambetta<\/em>\u00a0\u00e0 Saumur (r\u00e9trogradation)<br \/><em>La Tour des sens<\/em>\u00a0\u00e0 Tencin (r\u00e9trogradation)<br \/><em>Le Vivarais<\/em>\u00a0\u00e0 Val-les-Bains (r\u00e9trogradation)<br \/><em>Le Ch\u00e2teau de Vauchoux<\/em>\u00a0\u00e0 Vauchoux (fermeture)<\/p>\r\n","protected":false},"excerpt":{"rendered":"<p>Le\u00a0Guide\u00a0Michelin\u00a02021\u00a0a d\u00e9voil\u00e9 ce Lundi 18 Janvier 2021\u00a0\u00e0 midi, la nouveau palmar\u00e8s des \u00e9toil\u00e9s fran\u00e7ais, lors d&rsquo;une c\u00e9r\u00e9monie retransmise sur Internet depuis la tour Eiffel \u00e0 Paris. Ce dernier recense\u00a0638\u00a0tables \u00e9toil\u00e9es, dont\u00a057\u00a0nouvelles nominations.\u00a0Un cru moins dense qu&rsquo;en 2020, o\u00f9\u00a063\u00a0restaurants avaient rejoint la constellation des \u00e9toil\u00e9s en France pour porter la s\u00e9lection \u00e0\u00a0628\u00a0maisons portant avec gloire ces [&hellip;]<\/p>\n","protected":false},"author":1,"featured_media":592,"comment_status":"closed","ping_status":"closed","sticky":false,"template":"","format":"standard","meta":{"footnotes":""},"categories":[4],"tags":[],"class_list":["post-142","post","type-post","status-publish","format-standard","has-post-thumbnail","hentry","category-news"],"yoast_head":"<!-- This site is optimized with the Yoast SEO plugin v17.0 - https:\/\/yoast.com\/wordpress\/plugins\/seo\/ -->\n<title>Guide Michelin 2021 : Licence To Cook vous d\u00e9voile le palmar\u00e8s complet<\/title>\n<meta name=\"robots\" content=\"index, follow, max-snippet:-1, max-image-preview:large, max-video-preview:-1\" \/>\n<link rel=\"canonical\" href=\"https:\/\/www.licence-to-cook.com\/official\/index.php\/2021\/03\/11\/guide-michelin-2021-licence-to-cook-vous-devoile-le-palmares-complet\/\" \/>\n<meta property=\"og:locale\" content=\"fr_FR\" \/>\n<meta property=\"og:type\" content=\"article\" \/>\n<meta property=\"og:title\" content=\"Guide Michelin 2021 : Licence To Cook vous d\u00e9voile le palmar\u00e8s complet\" \/>\n<meta property=\"og:description\" content=\"Le\u00a0Guide\u00a0Michelin\u00a02021\u00a0a d\u00e9voil\u00e9 ce Lundi 18 Janvier 2021\u00a0\u00e0 midi, la nouveau palmar\u00e8s des \u00e9toil\u00e9s fran\u00e7ais, lors d&rsquo;une c\u00e9r\u00e9monie retransmise sur Internet depuis la tour Eiffel \u00e0 Paris. Ce dernier recense\u00a0638\u00a0tables \u00e9toil\u00e9es, dont\u00a057\u00a0nouvelles nominations.\u00a0Un cru moins dense qu&rsquo;en 2020, o\u00f9\u00a063\u00a0restaurants avaient rejoint la constellation des \u00e9toil\u00e9s en France pour porter la s\u00e9lection \u00e0\u00a0628\u00a0maisons portant avec gloire ces [&hellip;]\" \/>\n<meta property=\"og:url\" content=\"https:\/\/www.licence-to-cook.com\/official\/index.php\/2021\/03\/11\/guide-michelin-2021-licence-to-cook-vous-devoile-le-palmares-complet\/\" \/>\n<meta property=\"og:site_name\" content=\"Licence to cook\" \/>\n<meta property=\"article:published_time\" content=\"2021-03-11T11:08:37+00:00\" \/>\n<meta property=\"article:modified_time\" content=\"2021-06-18T10:11:27+00:00\" \/>\n<meta property=\"og:image\" content=\"https:\/\/www.licence-to-cook.com\/official\/wp-content\/uploads\/guideMichelin2021.jpg\" \/>\n\t<meta property=\"og:image:width\" content=\"523\" \/>\n\t<meta property=\"og:image:height\" content=\"380\" \/>\n<meta name=\"twitter:card\" content=\"summary_large_image\" \/>\n<meta name=\"twitter:label1\" content=\"\u00c9crit par\" \/>\n\t<meta name=\"twitter:data1\" content=\"Financial\" \/>\n\t<meta name=\"twitter:label2\" content=\"Dur\u00e9e de lecture est.\" \/>\n\t<meta name=\"twitter:data2\" content=\"4 minutes\" \/>\n<script type=\"application\/ld+json\" class=\"yoast-schema-graph\">{\"@context\":\"https:\/\/schema.org\",\"@graph\":[{\"@type\":\"WebSite\",\"@id\":\"https:\/\/www.licence-to-cook.com\/official\/#website\",\"url\":\"https:\/\/www.licence-to-cook.com\/official\/\",\"name\":\"Licence to cook\",\"description\":\"Recettes exclusives de personnalit\\u00e9s by Gilles Bella\\u00efche\",\"potentialAction\":[{\"@type\":\"SearchAction\",\"target\":{\"@type\":\"EntryPoint\",\"urlTemplate\":\"https:\/\/www.licence-to-cook.com\/official\/?s={search_term_string}\"},\"query-input\":\"required name=search_term_string\"}],\"inLanguage\":\"fr-FR\"},{\"@type\":\"ImageObject\",\"@id\":\"https:\/\/www.licence-to-cook.com\/official\/index.php\/2021\/03\/11\/guide-michelin-2021-licence-to-cook-vous-devoile-le-palmares-complet\/#primaryimage\",\"inLanguage\":\"fr-FR\",\"url\":\"https:\/\/www.licence-to-cook.com\/official\/wp-content\/uploads\/guideMichelin2021.jpg\",\"contentUrl\":\"https:\/\/www.licence-to-cook.com\/official\/wp-content\/uploads\/guideMichelin2021.jpg\",\"width\":523,\"height\":380,\"caption\":\"guide Michelin 2021\"},{\"@type\":\"WebPage\",\"@id\":\"https:\/\/www.licence-to-cook.com\/official\/index.php\/2021\/03\/11\/guide-michelin-2021-licence-to-cook-vous-devoile-le-palmares-complet\/#webpage\",\"url\":\"https:\/\/www.licence-to-cook.com\/official\/index.php\/2021\/03\/11\/guide-michelin-2021-licence-to-cook-vous-devoile-le-palmares-complet\/\",\"name\":\"Guide Michelin 2021 : Licence To Cook vous d\\u00e9voile le palmar\\u00e8s complet\",\"isPartOf\":{\"@id\":\"https:\/\/www.licence-to-cook.com\/official\/#website\"},\"primaryImageOfPage\":{\"@id\":\"https:\/\/www.licence-to-cook.com\/official\/index.php\/2021\/03\/11\/guide-michelin-2021-licence-to-cook-vous-devoile-le-palmares-complet\/#primaryimage\"},\"datePublished\":\"2021-03-11T11:08:37+00:00\",\"dateModified\":\"2021-06-18T10:11:27+00:00\",\"author\":{\"@id\":\"https:\/\/www.licence-to-cook.com\/official\/#\/schema\/person\/55c850fa63583de8ed09ae53f7779feb\"},\"breadcrumb\":{\"@id\":\"https:\/\/www.licence-to-cook.com\/official\/index.php\/2021\/03\/11\/guide-michelin-2021-licence-to-cook-vous-devoile-le-palmares-complet\/#breadcrumb\"},\"inLanguage\":\"fr-FR\",\"potentialAction\":[{\"@type\":\"ReadAction\",\"target\":[\"https:\/\/www.licence-to-cook.com\/official\/index.php\/2021\/03\/11\/guide-michelin-2021-licence-to-cook-vous-devoile-le-palmares-complet\/\"]}]},{\"@type\":\"BreadcrumbList\",\"@id\":\"https:\/\/www.licence-to-cook.com\/official\/index.php\/2021\/03\/11\/guide-michelin-2021-licence-to-cook-vous-devoile-le-palmares-complet\/#breadcrumb\",\"itemListElement\":[{\"@type\":\"ListItem\",\"position\":1,\"name\":\"Accueil\",\"item\":\"https:\/\/www.licence-to-cook.com\/official\/index.php\/licence-to-cook\/\"},{\"@type\":\"ListItem\",\"position\":2,\"name\":\"Guide Michelin 2021 : Licence To Cook vous d\\u00e9voile le palmar\\u00e8s complet\"}]},{\"@type\":\"Person\",\"@id\":\"https:\/\/www.licence-to-cook.com\/official\/#\/schema\/person\/55c850fa63583de8ed09ae53f7779feb\",\"name\":\"Financial\",\"sameAs\":[\"https:\/\/www.licence-to-cook.com\/official\"],\"url\":\"https:\/\/www.licence-to-cook.com\/official\/index.php\/author\/financial\/\"}]}<\/script>\n<!-- \/ Yoast SEO plugin. -->","yoast_head_json":{"title":"Guide Michelin 2021 : Licence To Cook vous d\u00e9voile le palmar\u00e8s complet","robots":{"index":"index","follow":"follow","max-snippet":"max-snippet:-1","max-image-preview":"max-image-preview:large","max-video-preview":"max-video-preview:-1"},"canonical":"https:\/\/www.licence-to-cook.com\/official\/index.php\/2021\/03\/11\/guide-michelin-2021-licence-to-cook-vous-devoile-le-palmares-complet\/","og_locale":"fr_FR","og_type":"article","og_title":"Guide Michelin 2021 : Licence To Cook vous d\u00e9voile le palmar\u00e8s complet","og_description":"Le\u00a0Guide\u00a0Michelin\u00a02021\u00a0a d\u00e9voil\u00e9 ce Lundi 18 Janvier 2021\u00a0\u00e0 midi, la nouveau palmar\u00e8s des \u00e9toil\u00e9s fran\u00e7ais, lors d&rsquo;une c\u00e9r\u00e9monie retransmise sur Internet depuis la tour Eiffel \u00e0 Paris. Ce dernier recense\u00a0638\u00a0tables \u00e9toil\u00e9es, dont\u00a057\u00a0nouvelles nominations.\u00a0Un cru moins dense qu&rsquo;en 2020, o\u00f9\u00a063\u00a0restaurants avaient rejoint la constellation des \u00e9toil\u00e9s en France pour porter la s\u00e9lection \u00e0\u00a0628\u00a0maisons portant avec gloire ces [&hellip;]","og_url":"https:\/\/www.licence-to-cook.com\/official\/index.php\/2021\/03\/11\/guide-michelin-2021-licence-to-cook-vous-devoile-le-palmares-complet\/","og_site_name":"Licence to cook","article_published_time":"2021-03-11T11:08:37+00:00","article_modified_time":"2021-06-18T10:11:27+00:00","og_image":[{"width":523,"height":380,"url":"https:\/\/www.licence-to-cook.com\/official\/wp-content\/uploads\/guideMichelin2021.jpg","path":"\/var\/www\/licence-to-cook.com\/html\/official\/wp-content\/uploads\/guideMichelin2021.jpg","size":"full","id":592,"alt":"guide Michelin 2021","pixels":198740,"type":"image\/jpeg"}],"twitter_card":"summary_large_image","twitter_misc":{"\u00c9crit par":"Financial","Dur\u00e9e de lecture est.":"4 minutes"},"schema":{"@context":"https:\/\/schema.org","@graph":[{"@type":"WebSite","@id":"https:\/\/www.licence-to-cook.com\/official\/#website","url":"https:\/\/www.licence-to-cook.com\/official\/","name":"Licence to cook","description":"Recettes exclusives de personnalit\u00e9s by Gilles Bella\u00efche","potentialAction":[{"@type":"SearchAction","target":{"@type":"EntryPoint","urlTemplate":"https:\/\/www.licence-to-cook.com\/official\/?s={search_term_string}"},"query-input":"required name=search_term_string"}],"inLanguage":"fr-FR"},{"@type":"ImageObject","@id":"https:\/\/www.licence-to-cook.com\/official\/index.php\/2021\/03\/11\/guide-michelin-2021-licence-to-cook-vous-devoile-le-palmares-complet\/#primaryimage","inLanguage":"fr-FR","url":"https:\/\/www.licence-to-cook.com\/official\/wp-content\/uploads\/guideMichelin2021.jpg","contentUrl":"https:\/\/www.licence-to-cook.com\/official\/wp-content\/uploads\/guideMichelin2021.jpg","width":523,"height":380,"caption":"guide Michelin 2021"},{"@type":"WebPage","@id":"https:\/\/www.licence-to-cook.com\/official\/index.php\/2021\/03\/11\/guide-michelin-2021-licence-to-cook-vous-devoile-le-palmares-complet\/#webpage","url":"https:\/\/www.licence-to-cook.com\/official\/index.php\/2021\/03\/11\/guide-michelin-2021-licence-to-cook-vous-devoile-le-palmares-complet\/","name":"Guide Michelin 2021 : Licence To Cook vous d\u00e9voile le palmar\u00e8s complet","isPartOf":{"@id":"https:\/\/www.licence-to-cook.com\/official\/#website"},"primaryImageOfPage":{"@id":"https:\/\/www.licence-to-cook.com\/official\/index.php\/2021\/03\/11\/guide-michelin-2021-licence-to-cook-vous-devoile-le-palmares-complet\/#primaryimage"},"datePublished":"2021-03-11T11:08:37+00:00","dateModified":"2021-06-18T10:11:27+00:00","author":{"@id":"https:\/\/www.licence-to-cook.com\/official\/#\/schema\/person\/55c850fa63583de8ed09ae53f7779feb"},"breadcrumb":{"@id":"https:\/\/www.licence-to-cook.com\/official\/index.php\/2021\/03\/11\/guide-michelin-2021-licence-to-cook-vous-devoile-le-palmares-complet\/#breadcrumb"},"inLanguage":"fr-FR","potentialAction":[{"@type":"ReadAction","target":["https:\/\/www.licence-to-cook.com\/official\/index.php\/2021\/03\/11\/guide-michelin-2021-licence-to-cook-vous-devoile-le-palmares-complet\/"]}]},{"@type":"BreadcrumbList","@id":"https:\/\/www.licence-to-cook.com\/official\/index.php\/2021\/03\/11\/guide-michelin-2021-licence-to-cook-vous-devoile-le-palmares-complet\/#breadcrumb","itemListElement":[{"@type":"ListItem","position":1,"name":"Accueil","item":"https:\/\/www.licence-to-cook.com\/official\/index.php\/licence-to-cook\/"},{"@type":"ListItem","position":2,"name":"Guide Michelin 2021 : Licence To Cook vous d\u00e9voile le palmar\u00e8s complet"}]},{"@type":"Person","@id":"https:\/\/www.licence-to-cook.com\/official\/#\/schema\/person\/55c850fa63583de8ed09ae53f7779feb","name":"Financial","sameAs":["https:\/\/www.licence-to-cook.com\/official"],"url":"https:\/\/www.licence-to-cook.com\/official\/index.php\/author\/financial\/"}]}},"_links":{"self":[{"href":"https:\/\/www.licence-to-cook.com\/official\/index.php\/wp-json\/wp\/v2\/posts\/142","targetHints":{"allow":["GET"]}}],"collection":[{"href":"https:\/\/www.licence-to-cook.com\/official\/index.php\/wp-json\/wp\/v2\/posts"}],"about":[{"href":"https:\/\/www.licence-to-cook.com\/official\/index.php\/wp-json\/wp\/v2\/types\/post"}],"author":[{"embeddable":true,"href":"https:\/\/www.licence-to-cook.com\/official\/index.php\/wp-json\/wp\/v2\/users\/1"}],"replies":[{"embeddable":true,"href":"https:\/\/www.licence-to-cook.com\/official\/index.php\/wp-json\/wp\/v2\/comments?post=142"}],"version-history":[{"count":3,"href":"https:\/\/www.licence-to-cook.com\/official\/index.php\/wp-json\/wp\/v2\/posts\/142\/revisions"}],"predecessor-version":[{"id":593,"href":"https:\/\/www.licence-to-cook.com\/official\/index.php\/wp-json\/wp\/v2\/posts\/142\/revisions\/593"}],"wp:featuredmedia":[{"embeddable":true,"href":"https:\/\/www.licence-to-cook.com\/official\/index.php\/wp-json\/wp\/v2\/media\/592"}],"wp:attachment":[{"href":"https:\/\/www.licence-to-cook.com\/official\/index.php\/wp-json\/wp\/v2\/media?parent=142"}],"wp:term":[{"taxonomy":"category","embeddable":true,"href":"https:\/\/www.licence-to-cook.com\/official\/index.php\/wp-json\/wp\/v2\/categories?post=142"},{"taxonomy":"post_tag","embeddable":true,"href":"https:\/\/www.licence-to-cook.com\/official\/index.php\/wp-json\/wp\/v2\/tags?post=142"}],"curies":[{"name":"wp","href":"https:\/\/api.w.org\/{rel}","templated":true}]}}